{"id":3441,"date":"2021-09-07T21:56:27","date_gmt":"2021-09-07T21:56:27","guid":{"rendered":"https:\/\/www.iesislaverde.es\/?p=3441"},"modified":"2021-09-10T09:12:13","modified_gmt":"2021-09-10T09:12:13","slug":"jornadas-de-acogida-al-alumnado-15-16-y-17-de-septiembre","status":"publish","type":"post","link":"https:\/\/dev.iesislaverde.es\/index.php\/2021\/09\/07\/jornadas-de-acogida-al-alumnado-15-16-y-17-de-septiembre\/","title":{"rendered":"Jornadas de acogida al alumnado: 15, 16 y 17 de septiembre"},"content":{"rendered":"<p style=\"text-align: center;\"><a href=\"https:\/\/drive.google.com\/file\/d\/1RzSlQgkb3cNGRZ0yzKPWapaUrqfWiqXW\/view?usp=sharing\">DESCARGAR DOCUMENTO CON LA INFORMACI\u00d3N<\/a><\/p>\n<p><strong>15 de septiembre de 2021<\/strong><\/p>\n<table>\n<tbody>\n<tr>\n<td width=\"214\"><strong>CURSO<\/strong><\/td>\n<td width=\"214\"><strong>1\u00ba ESO<\/strong><\/td>\n<td width=\"214\"><strong>2\u00ba ESO<\/strong><\/td>\n<\/tr>\n<tr>\n<td width=\"214\"><strong>Entrada<\/strong><\/td>\n<td width=\"214\">9:00 h.<\/td>\n<td width=\"214\">10:00 h.<\/td>\n<\/tr>\n<tr>\n<td width=\"214\"><strong>Salida<\/strong><\/td>\n<td width=\"214\">13:00 h.<\/td>\n<td width=\"214\">14:00 h.<\/td>\n<\/tr>\n<\/tbody>\n<\/table>\n<p>La entrada se realizar\u00e1 por la puerta trasera y el alumnado ser\u00e1 recibido en las pistas por el Equipo Directivo y los tutores correspondientes.<\/p>\n<p>Al alumnado de 1\u00ba ESO se le entregar\u00e1 el lote de libros en pr\u00e9stamo por lo que se debe traer una mochila vac\u00eda.<\/p>\n<p>Los alumnos\/as de 2\u00ba ESO tendr\u00e1n que traer el lote de libros de texto, con los libros debidamente forrados para su etiquetado (se facilitar\u00e1n las pegatinas en el aula).<\/p>\n<p>Ser\u00e1 necesario traer bol\u00edgrafo y cuaderno para las anotaciones que se hagan en clase. El material de cada alumno\/a ser\u00e1 intransferible.<\/p>\n<p>Habr\u00e1 media hora de recreo por lo que el alumnado deber\u00e1 traer su desayuno de casa.<\/p>\n<p><strong>16 de septiembre de 2021<\/strong><\/p>\n<p>El alumnado de 1\u00ba y 2\u00ba ESO acudir\u00e1 al centro de 8:25 h. a 13:55 h. con los libros de las asignaturas especificadas en su horario de clase. El recreo se realizar\u00e1 en el horario habitual<\/p>\n<table>\n<tbody>\n<tr>\n<td width=\"214\"><strong>CURSO<\/strong><\/td>\n<td width=\"214\"><strong>3\u00ba ESO<\/strong><\/td>\n<td width=\"214\"><strong>4\u00ba ESO<\/strong><\/td>\n<\/tr>\n<tr>\n<td width=\"214\"><strong>Entrada<\/strong><\/td>\n<td width=\"214\">9:30 h.<\/td>\n<td width=\"214\">12:00 h.<\/td>\n<\/tr>\n<tr>\n<td width=\"214\"><strong>Salida<\/strong><\/td>\n<td width=\"214\">11:30 h.<\/td>\n<td width=\"214\">14:00 h.<\/td>\n<\/tr>\n<\/tbody>\n<\/table>\n<p>La entrada se realizar\u00e1 por la puerta trasera y el alumnado ser\u00e1 recibido en las pistas por el Equipo Directivo y los tutores correspondientes.<\/p>\n<p>Al alumnado de 3\u00ba ESO se le entregar\u00e1 el lote de libros en pr\u00e9stamo por lo que se debe traer una mochila vac\u00eda.<\/p>\n<p>Los alumnos\/as de 4\u00ba ESO tendr\u00e1n que traer el lote de libros de texto, con los libros debidamente forrados para su etiquetado (se facilitar\u00e1n las pegatinas en el aula).<\/p>\n<p>Ser\u00e1 necesario traer bol\u00edgrafo y cuaderno para las anotaciones que se hagan en clase. El material de cada alumno\/a ser\u00e1 intransferible. No habr\u00e1 recreo.<\/p>\n<p><strong>17 de septiembre de 2021<\/strong><\/p>\n<p>El alumnado de ESO acudir\u00e1 al centro de 8:25 h. a 13:55 h. con los libros de las asignaturas especificadas en su horario de clase. El recreo se realizar\u00e1 en el horario habitual.<\/p>\n<p><strong>\u00a0<\/strong><\/p>\n<table width=\"100%\">\n<tbody>\n<tr>\n<td width=\"25%\"><strong>CURSO<\/strong><\/td>\n<td width=\"37%\"><strong>1\u00ba Bachillerato y FPB<\/strong><\/td>\n<td width=\"36%\"><strong>2\u00ba Bachillerato y CC. FF.<\/strong><\/td>\n<\/tr>\n<tr>\n<td width=\"25%\"><strong>Entrada<\/strong><\/td>\n<td width=\"37%\">9:30 h.<\/td>\n<td width=\"36%\">12:00 h.<\/td>\n<\/tr>\n<tr>\n<td width=\"25%\"><strong>Salida<\/strong><\/td>\n<td width=\"37%\">11:30 h.<\/td>\n<td width=\"36%\">14:00 h.<\/td>\n<\/tr>\n<\/tbody>\n<\/table>\n<p>&nbsp;<\/p>\n<p>El alumnado de CC. FF. y FPB acceder\u00e1 por la puerta principal; Bachillerato acceder\u00e1 por la puerta trasera. El alumnado de 1\u00ba Bachillerato y FPB ser\u00e1 recibido en las pistas por el Equipo Directivo y los tutores correspondientes; 2\u00ba Bachillerato y CC. FF. ir\u00e1 directamente a sus aulas. Ser\u00e1 necesario traer bol\u00edgrafo y cuaderno para las anotaciones que se hagan en clase. El material de cada alumno\/a ser\u00e1 intransferible. No habr\u00e1 recreo.<\/p>\n<p>&nbsp;<\/p>\n","protected":false},"excerpt":{"rendered":"<p>DESCARGAR DOCUMENTO CON LA INFORMACI\u00d3N 15 de septiembre de 2021 CURSO 1\u00ba ESO 2\u00ba ESO Entrada 9:00 h. 10:00 h. Salida 13:00 h. 14:00 h. La entrada se realizar\u00e1 por la puerta trasera y el alumnado ser\u00e1 recibido en las pistas por el Equipo Directivo y los tutores correspondientes. Al alumnado de 1\u00ba ESO se [&hellip;]<\/p>\n","protected":false},"author":15,"featured_media":1955,"comment_status":"closed","ping_status":"closed","sticky":false,"template":"","format":"standard","meta":{"footnotes":""},"categories":[1],"tags":[],"class_list":["post-3441","post","type-post","status-publish","format-standard","has-post-thumbnail","hentry","category-isla-verde"],"_links":{"self":[{"href":"https:\/\/dev.iesislaverde.es\/index.php\/wp-json\/wp\/v2\/posts\/3441","targetHints":{"allow":["GET"]}}],"collection":[{"href":"https:\/\/dev.iesislaverde.es\/index.php\/wp-json\/wp\/v2\/posts"}],"about":[{"href":"https:\/\/dev.iesislaverde.es\/index.php\/wp-json\/wp\/v2\/types\/post"}],"author":[{"embeddable":true,"href":"https:\/\/dev.iesislaverde.es\/index.php\/wp-json\/wp\/v2\/users\/15"}],"replies":[{"embeddable":true,"href":"https:\/\/dev.iesislaverde.es\/index.php\/wp-json\/wp\/v2\/comments?post=3441"}],"version-history":[{"count":2,"href":"https:\/\/dev.iesislaverde.es\/index.php\/wp-json\/wp\/v2\/posts\/3441\/revisions"}],"predecessor-version":[{"id":3447,"href":"https:\/\/dev.iesislaverde.es\/index.php\/wp-json\/wp\/v2\/posts\/3441\/revisions\/3447"}],"wp:featuredmedia":[{"embeddable":true,"href":"https:\/\/dev.iesislaverde.es\/index.php\/wp-json\/wp\/v2\/media\/1955"}],"wp:attachment":[{"href":"https:\/\/dev.iesislaverde.es\/index.php\/wp-json\/wp\/v2\/media?parent=3441"}],"wp:term":[{"taxonomy":"category","embeddable":true,"href":"https:\/\/dev.iesislaverde.es\/index.php\/wp-json\/wp\/v2\/categories?post=3441"},{"taxonomy":"post_tag","embeddable":true,"href":"https:\/\/dev.iesislaverde.es\/index.php\/wp-json\/wp\/v2\/tags?post=3441"}],"curies":[{"name":"wp","href":"https:\/\/api.w.org\/{rel}","templated":true}]}}