{"id":3508,"date":"2021-09-21T16:23:02","date_gmt":"2021-09-21T16:23:02","guid":{"rendered":"https:\/\/www.iesislaverde.es\/?p=3508"},"modified":"2021-09-21T16:23:02","modified_gmt":"2021-09-21T16:23:02","slug":"becas-y-ayudas-al-alumnado-con-necesidad-de-apoyo-educativo","status":"publish","type":"post","link":"https:\/\/dev.iesislaverde.es\/index.php\/2021\/09\/21\/becas-y-ayudas-al-alumnado-con-necesidad-de-apoyo-educativo\/","title":{"rendered":"Becas y ayudas al alumnado con Necesidad de Apoyo Educativo"},"content":{"rendered":"<p>Con fecha 2 de agosto se publica en el BOE el extracto de la Resoluci\u00f3n de 28 de julio de 2021, de la Secretar\u00eda de Estado de Educaci\u00f3n, por la que se convocan ayudas para alumnos con necesidad espec\u00edfica de apoyo educativo para el curso acad\u00e9mico 2021-2022.<\/p>\n<p>El plazo de presentaci\u00f3n de solicitudes permanecer\u00e1 abierto<strong>\u00a0desde el d\u00eda 3 de agosto de 2021 hasta el 30 de septiembre de 2021<\/strong>.<\/p>\n<p>Las solicitudes deber\u00e1n cumplimentarse mediante el formulario accesible por internet en la direcci\u00f3n\u00a0<a href=\"https:\/\/www.juntadeandalucia.es\/educacion\/portals\/web\/becas-y-ayudas\/educacion-especial\/www.educacionyfp.gob.es\">Ministerio de Educaci\u00f3n y Formaci\u00f3n Profesional<\/a><\/p>\n<p>o a trav\u00e9s de la sede electr\u00f3nica del Ministerio de Educaci\u00f3n, Cultura y Deporte en la direcci\u00f3n\u00a0<a href=\"https:\/\/sede.educacion.gob.es\/\">Sede electr\u00f3nica<\/a>\u00a0en el apartado correspondiente a \u00abTr\u00e1mites y Servicios\u00bb.<\/p>\n<p>Enlace a la informaci\u00f3n completa de la beca:<\/p>\n<p><a href=\"https:\/\/www.juntadeandalucia.es\/educacion\/portals\/web\/becas-y-ayudas\/educacion-especial\/impresos\/-\/documentos\/tziXP51ALUzC\/carpeta\/solicitud-e-impresos-1cwrleneunjjh\">https:\/\/www.juntadeandalucia.es\/educacion\/portals\/web\/becas-y-ayudas\/educacion-especial\/impresos\/-\/documentos\/tziXP51ALUzC\/carpeta\/solicitud-e-impresos-1cwrleneunjjh<\/a><\/p>\n<p>Enlace a la solicitud:<\/p>\n<p><a href=\"https:\/\/sede.educacion.gob.es\/sede\/login\/inicio.jjsp?idConvocatoria=1554\">https:\/\/sede.educacion.gob.es\/sede\/login\/inicio.jjsp?idConvocatoria=1554<\/a><\/p>\n","protected":false},"excerpt":{"rendered":"<p>Con fecha 2 de agosto se publica en el BOE el extracto de la Resoluci\u00f3n de 28 de julio de 2021, de la Secretar\u00eda de Estado de Educaci\u00f3n, por la que se convocan ayudas para alumnos con necesidad espec\u00edfica de apoyo educativo para el curso acad\u00e9mico 2021-2022. El plazo de presentaci\u00f3n de solicitudes permanecer\u00e1 abierto\u00a0desde [&hellip;]<\/p>\n","protected":false},"author":15,"featured_media":3002,"comment_status":"closed","ping_status":"closed","sticky":false,"template":"","format":"standard","meta":{"footnotes":""},"categories":[1],"tags":[],"class_list":["post-3508","post","type-post","status-publish","format-standard","has-post-thumbnail","hentry","category-isla-verde"],"_links":{"self":[{"href":"https:\/\/dev.iesislaverde.es\/index.php\/wp-json\/wp\/v2\/posts\/3508","targetHints":{"allow":["GET"]}}],"collection":[{"href":"https:\/\/dev.iesislaverde.es\/index.php\/wp-json\/wp\/v2\/posts"}],"about":[{"href":"https:\/\/dev.iesislaverde.es\/index.php\/wp-json\/wp\/v2\/types\/post"}],"author":[{"embeddable":true,"href":"https:\/\/dev.iesislaverde.es\/index.php\/wp-json\/wp\/v2\/users\/15"}],"replies":[{"embeddable":true,"href":"https:\/\/dev.iesislaverde.es\/index.php\/wp-json\/wp\/v2\/comments?post=3508"}],"version-history":[{"count":1,"href":"https:\/\/dev.iesislaverde.es\/index.php\/wp-json\/wp\/v2\/posts\/3508\/revisions"}],"predecessor-version":[{"id":3509,"href":"https:\/\/dev.iesislaverde.es\/index.php\/wp-json\/wp\/v2\/posts\/3508\/revisions\/3509"}],"wp:featuredmedia":[{"embeddable":true,"href":"https:\/\/dev.iesislaverde.es\/index.php\/wp-json\/wp\/v2\/media\/3002"}],"wp:attachment":[{"href":"https:\/\/dev.iesislaverde.es\/index.php\/wp-json\/wp\/v2\/media?parent=3508"}],"wp:term":[{"taxonomy":"category","embeddable":true,"href":"https:\/\/dev.iesislaverde.es\/index.php\/wp-json\/wp\/v2\/categories?post=3508"},{"taxonomy":"post_tag","embeddable":true,"href":"https:\/\/dev.iesislaverde.es\/index.php\/wp-json\/wp\/v2\/tags?post=3508"}],"curies":[{"name":"wp","href":"https:\/\/api.w.org\/{rel}","templated":true}]}}