{"id":3516,"date":"2021-09-27T20:09:45","date_gmt":"2021-09-27T20:09:45","guid":{"rendered":"https:\/\/www.iesislaverde.es\/?p=3516"},"modified":"2021-09-27T20:24:47","modified_gmt":"2021-09-27T20:24:47","slug":"elecciones-a-consejo-escolar-2","status":"publish","type":"post","link":"https:\/\/dev.iesislaverde.es\/index.php\/2021\/09\/27\/elecciones-a-consejo-escolar-2\/","title":{"rendered":"Elecciones a Consejo Escolar"},"content":{"rendered":"<p>Los procesos electorales para la renovaci\u00f3n y constituci\u00f3n de los Consejos Escolares \u00a0a llevar a cabo en los centros docentes sostenidos con fondos p\u00fablicos, convocados en la instrucci\u00f3n primera, se desarrollar\u00e1n de acuerdo con el siguiente calendario:<\/p>\n<p>1. La Junta Electoral se constituir\u00e1 entre los d\u00edas 4 y 8 de octubre de 2021 (ambos inclusive).<br \/>\n2. El plazo de admisi\u00f3n de candidaturas ser\u00e1 el comprendido desde los d\u00edas 15 de octubre hasta el<br \/>\n28 de octubre de 2021 (ambos inclusive).<br \/>\n3. La Junta Electoral har\u00e1 p\u00fablica la lista provisional de personas candidatas el 29 de octubre y la<br \/>\nlista definitiva el<br \/>\n3 de noviembre de 2021.<br \/>\n4. La campa\u00f1a electoral se llevar\u00e1 a cabo desde el 4 de noviembre hasta el 12 de noviembre de 2021<br \/>\n(ambos inclusive).<br \/>\n5. Las papeletas de voto deber\u00e1n estar confeccionadas con anterioridad al d\u00eda 9 de noviembre de<br \/>\n2021.<br \/>\n6. La celebraci\u00f3n de las elecciones tendr\u00e1 lugar durante los siguientes d\u00edas:<br \/>\na) 16 DE NOVIEMBRE: elecciones del sector del profesorado, del personal de administraci\u00f3n<br \/>\ny servicios y, en su caso, del personal de atenci\u00f3n educativa complementaria.<br \/>\nb) 17 DE NOVIEMBRE: elecciones del sector de padres, madres y personas que ejerzan la<br \/>\ntutela legal del alumnado.<br \/>\nc) 18 DE NOVIEMBRE: elecciones del sector del alumnado.<br \/>\n7. La proclamaci\u00f3n de representantes electos deber\u00e1 realizarse antes del 2 de diciembre de 2021.<br \/>\n8. La constituci\u00f3n del nuevo Consejo Escolar y del nuevo Consejo de Centro deber\u00e1 realizarse antes<br \/>\ndel 17 de diciembre de 2021.<\/p>\n<p style=\"text-align: center;\"><a href=\"https:\/\/www.juntadeandalucia.es\/educacion\/portals\/delegate\/content\/b45aaa0d-cdf0-46b0-96db-82705049342e\/Resoluci%C3%B3n%20convocatoria%20elecciones%20Consejos%20Escolares\">Acceso a Resoluci\u00f3n<\/a><\/p>\n","protected":false},"excerpt":{"rendered":"<p>Los procesos electorales para la renovaci\u00f3n y constituci\u00f3n de los Consejos Escolares \u00a0a llevar a cabo en los centros docentes sostenidos con fondos p\u00fablicos, convocados en la instrucci\u00f3n primera, se desarrollar\u00e1n de acuerdo con el siguiente calendario: 1. La Junta Electoral se constituir\u00e1 entre los d\u00edas 4 y 8 de octubre de 2021 (ambos inclusive). [&hellip;]<\/p>\n","protected":false},"author":15,"featured_media":3001,"comment_status":"closed","ping_status":"closed","sticky":false,"template":"","format":"standard","meta":{"footnotes":""},"categories":[1],"tags":[],"class_list":["post-3516","post","type-post","status-publish","format-standard","has-post-thumbnail","hentry","category-isla-verde"],"_links":{"self":[{"href":"https:\/\/dev.iesislaverde.es\/index.php\/wp-json\/wp\/v2\/posts\/3516","targetHints":{"allow":["GET"]}}],"collection":[{"href":"https:\/\/dev.iesislaverde.es\/index.php\/wp-json\/wp\/v2\/posts"}],"about":[{"href":"https:\/\/dev.iesislaverde.es\/index.php\/wp-json\/wp\/v2\/types\/post"}],"author":[{"embeddable":true,"href":"https:\/\/dev.iesislaverde.es\/index.php\/wp-json\/wp\/v2\/users\/15"}],"replies":[{"embeddable":true,"href":"https:\/\/dev.iesislaverde.es\/index.php\/wp-json\/wp\/v2\/comments?post=3516"}],"version-history":[{"count":2,"href":"https:\/\/dev.iesislaverde.es\/index.php\/wp-json\/wp\/v2\/posts\/3516\/revisions"}],"predecessor-version":[{"id":3519,"href":"https:\/\/dev.iesislaverde.es\/index.php\/wp-json\/wp\/v2\/posts\/3516\/revisions\/3519"}],"wp:featuredmedia":[{"embeddable":true,"href":"https:\/\/dev.iesislaverde.es\/index.php\/wp-json\/wp\/v2\/media\/3001"}],"wp:attachment":[{"href":"https:\/\/dev.iesislaverde.es\/index.php\/wp-json\/wp\/v2\/media?parent=3516"}],"wp:term":[{"taxonomy":"category","embeddable":true,"href":"https:\/\/dev.iesislaverde.es\/index.php\/wp-json\/wp\/v2\/categories?post=3516"},{"taxonomy":"post_tag","embeddable":true,"href":"https:\/\/dev.iesislaverde.es\/index.php\/wp-json\/wp\/v2\/tags?post=3516"}],"curies":[{"name":"wp","href":"https:\/\/api.w.org\/{rel}","templated":true}]}}